{"id":9769,"date":"2024-04-03T15:03:20","date_gmt":"2024-04-03T13:03:20","guid":{"rendered":"https:\/\/edouard-vallaint-vierzon.ovh\/?p=9769"},"modified":"2024-09-30T21:14:09","modified_gmt":"2024-09-30T19:14:09","slug":"une-operation-de-vegetalisation-au-lycee-edouard-vaillant-a-vierzon","status":"publish","type":"post","link":"https:\/\/edouard-vallaint-vierzon.ovh\/?p=9769","title":{"rendered":"Une op\u00e9ration de v\u00e9g\u00e9talisation au lyc\u00e9e \u00c9douard-Vaillant \u00e0 Vierzon"},"content":{"rendered":"\n<p>Por Le Berry R\u00e9publicain, Beno\u00eet Morin Publi\u00e9 le 29\/03\/2024 \u00e0 06h00<\/p>\n<p><img fetchpriority=\"high\" decoding=\"async\" class=\"size-full wp-image-9770 aligncenter\" src=\"https:\/\/edouard-vallaint-vierzon.ovh\/wp-content\/uploads\/2024\/04\/bG9jYWw6Ly8vMDAvMDAvMDYvODMvNTEv.jpg\" alt=\"\" width=\"584\" height=\"438\" srcset=\"https:\/\/edouard-vallaint-vierzon.ovh\/wp-content\/uploads\/2024\/04\/bG9jYWw6Ly8vMDAvMDAvMDYvODMvNTEv.jpg 584w, https:\/\/edouard-vallaint-vierzon.ovh\/wp-content\/uploads\/2024\/04\/bG9jYWw6Ly8vMDAvMDAvMDYvODMvNTEv-300x225.jpg 300w\" sizes=\"(max-width: 584px) 100vw, 584px\" \/><\/p>\n<p style=\"text-align: center;\"><span style=\"font-size: 8pt;\"><em><strong>Sept \u00e9l\u00e8ves de seconde ont plant\u00e9 des arbres sur le talus, \u00e0 c\u00f4t\u00e9 du terrain de sport.<\/strong><strong>Photo Beno\u00eet Morin<\/strong><\/em><\/span><\/p>\n<p>Le lyc\u00e9e \u00c9douard-Vaillant fait l\u2019objet d\u2019une op\u00e9ration de v\u00e9g\u00e9talisation, dans le cadre du programme Natur\u2019O Lyc\u00e9es. 1.200 v\u00e9g\u00e9taux doivent \u00eatre plant\u00e9s.<\/p>\n<p>Le lyc\u00e9e \u00c9douard-Vaillant est en train de changer de physionomie. Il y a encore un an, les espaces ext\u00e9rieurs du lyc\u00e9e comprenaient de vastes surfaces goudronn\u00e9es Aujourd\u2019hui, elles ont \u00e9t\u00e9 largement v\u00e9g\u00e9talis\u00e9es dans le cadre du projet Natur\u2019O Lyc\u00e9es, men\u00e9 par la R\u00e9gion Centre-Val de Loire.\u00a0<\/p>\n<p>Le but est de planter des micro-for\u00eats pour lutter contre l\u2019\u00e9rosion de la biodiversit\u00e9. \u00ab\u00a0C\u2019est une cit\u00e9 scolaire qui va devenir une cit\u00e9-jardin\u00a0\u00bb, a annonc\u00e9 Philippe Fourni\u00e9, vice-pr\u00e9sident de la R\u00e9gion Centre-Val de Loire, lors d\u2019un colloque sur la v\u00e9g\u00e9talisation des \u00e9tablissements scolaires, le 16\u00a0f\u00e9vrier.<\/p>\n<p>Si les travaux ont \u00e9t\u00e9 lanc\u00e9s durant l\u2019\u00e9t\u00e9 2023, les plantations, elles, ont commenc\u00e9 en f\u00e9vrier dernier. D\u00e9sormais, deux buttes accueillent les lyc\u00e9es et les enseignants, \u00e0 l\u2019entr\u00e9e de la cit\u00e9 scolaire. La surface qui a \u00e9t\u00e9 v\u00e9g\u00e9talis\u00e9e s\u2019\u00e9tend sur 2.100 m\u00e8tres carr\u00e9s. De plus, une surface en herbe de 2.400 m\u00e8tres carr\u00e9s accueille des nouveaux arbres. \u00ab\u00a0Ces espaces vont transformer profond\u00e9ment la cour du lyc\u00e9e\u00a0\u00bb, souligne Philippe Fourni\u00e9.<\/p>\n<p><strong>\u00ab\u00a0La question de l&rsquo;eau est essentielle\u00a0\u00bb<\/strong><\/p>\n<p>Pour ce faire, le lyc\u00e9e \u00c9douard-Vaillant a re\u00e7u un cr\u00e9dit de 250.000\u00a0euros, financ\u00e9s \u00e0 70\u00a0% par l\u2019Agence de l\u2019eau Loire-Bretagne. \u00ab\u00a0La question de l\u2019eau est essentielle, explique Corinne Fouquet, cheffe de projet \u00e0 la direction du patrimoine culturel et sportif de la R\u00e9gion. Elle est prise en compte d\u00e8s le d\u00e9part. Un cheminement permet d\u2019apporter l\u2019eau n\u00e9cessaire aux plantations. Le fait d\u2019aborder l\u2019eau pluviale nous a permis d\u2019avoir un partenariat avec l\u2019agence de l\u2019eau.\u00a0\u00bb<\/p>\n<p>La R\u00e9gion pr\u00e9cise que le projet a \u00e9t\u00e9 co-construit avec la communaut\u00e9 \u00e9ducative et les \u00e9l\u00e8ves. Quinze lyc\u00e9ens ont particip\u00e9 au projet. Et sept autres \u00e9l\u00e8ves de seconde les ont aid\u00e9s, vendredi 15\u00a0mars, pour planter diff\u00e9rents arbres, sur un espace longeant le terrain de sport\u00a0: noisetiers, houx, viorne lantane, framboisiers, saules blancs, fusains d\u2019Europe\u2026 \u00ab\u00a0Nous sommes sur du v\u00e9g\u00e9tal local, insiste \u00c9tienne Millet, de l\u2019entreprise Millet et Fils, qui a fourni les v\u00e9g\u00e9taux. Les graines sont issues du bassin parisien.\u00a0\u00bb<\/p>\n<p>Les lyc\u00e9es se sont d\u00e9clar\u00e9s ravis de l\u2019exp\u00e9rience. C\u2019est le as de trois \u00e9co-d\u00e9l\u00e9gu\u00e9s : Esteban (1re 3), Fanny (terminale g\u00e9n\u00e9rale), et M\u00e9licha (terminale g\u00e9n\u00e9rale). \u00ab C\u2019est super int\u00e9ressant et super formateur \u00bb, d\u00e9clare M\u00e9licha.<\/p>\n<p>Apr\u00e8s le lyc\u00e9e Vaillant, c\u2019est le lyc\u00e9e agricole du Subdray, pr\u00e8s de Bourges, qui fera l\u2019objet d\u2019un programme de v\u00e9g\u00e9talisation. Il sera suivi par les lyc\u00e9es Pierre-\u00c9mile-Martin, \u00e0 Bourges et Jean-Moulin, \u00e0 Saint-Amand-Montrond. \u00ab\u00a0Pour les \u00e9l\u00e8ves, le projet Natur\u2019O Lyc\u00e9es permet d\u2019illustrer, au pied du b\u00e2timent, que le d\u00e9veloppement durable, c\u2019est du concret\u00a0\u00bb, se f\u00e9licite Sacha Suman, le proviseur du lyc\u00e9e Vaillant.<\/p>\n<p><strong>En chiffres<\/strong><\/p>\n<p><strong>1.200<\/strong> v\u00e9g\u00e9taux doivent \u00eatre plant\u00e9s au lyc\u00e9e \u00c9douard-Vaillant pour cette ann\u00e9e scolaire\u00a02023-2024. <strong>2.100<\/strong> m\u00e8tres carr\u00e9s de surface d\u00e9sartificialis\u00e9e (la v\u00e9g\u00e9tation a remplac\u00e9 le bitume). <strong>2.400<\/strong> m\u00e8tres carr\u00e9s de surface en herbe plant\u00e9e d\u2019arbres. <strong>1.000<\/strong> m\u00e8tres carr\u00e9s de toiture v\u00e9g\u00e9talis\u00e9e. <strong>15<\/strong> lyc\u00e9ens de Vaillant volontaires dans le cadre du projet Natur\u2019O Lyc\u00e9es (et sept autres \u00e9l\u00e8ves en renfort pour la plantation du vendredi 15\u00a0mars). <strong>250.000<\/strong> euros de travaux, financ\u00e9s par l\u2019agence de l\u2019eau Loire-Bretagne et la R\u00e9gion Centre-Val de Loire.<\/p>\n<p>Le coll\u00e8ge Edouard-Vaillant concern\u00e9 par le projet Natur&rsquo;O Lyc\u00e9es<\/p>\n<p><strong>Si le projet Natur\u2019O Lyc\u00e9es concerne avant tout le lyc\u00e9e Vaillant, le coll\u00e8ge n\u2019a pas \u00e9t\u00e9 oubli\u00e9. Trente \u00e9l\u00e8ves ont ainsi r\u00e9alis\u00e9 un herbier avec leur professeure de SVT. Et ils ont mis la main \u00e0 la p\u00e2te, vendredi 15\u00a0mars.<\/strong><\/p>\n<p>Trente coll\u00e9giens d\u2019\u00c9douard-Vaillant ont, eux aussi, particip\u00e9, le 15\u00a0mars, \u00e0 la v\u00e9g\u00e9talisation du lyc\u00e9e Vaillant, en plantant quelques arbres. Quinze d\u2019entre eux sont \u00e9co-d\u00e9l\u00e9gu\u00e9s, les quinze autres font partie du club sciences.<\/p>\n<p>Ce club sciences se r\u00e9unit tous les vendredis au coll\u00e8ge Vaillant. Dans ce cadre, les quinze participants ont r\u00e9alis\u00e9 un herbier des arbres plant\u00e9s au lyc\u00e9e. Et vendredi 15\u00a0mars, les coll\u00e9giens ont pos\u00e9 des \u00e9tiquettes botaniques devant chaque arbre plant\u00e9. Ces pannonceaux avaient \u00e9t\u00e9 pr\u00e9par\u00e9s par St\u00e9phanie Paris, leur professeure de SVT. La plantation a \u00e9t\u00e9 tr\u00e8s appr\u00e9ci\u00e9e par Hugo et Yuri deux \u00e9co-d\u00e9l\u00e9gu\u00e9s de cinqui\u00e8me.<\/p>\n<p><strong>Des arbres thermophiles dans la partie haute<\/strong><\/p>\n<p>Gr\u00e2ce \u00e0 cette op\u00e9ration de v\u00e9g\u00e9talisation, les \u00e9l\u00e8ves ont pu apprendre comment ont \u00e9t\u00e9 choisis les arbres. Dans la partie haute de la cour du lyc\u00e9e, ce sont des arbres thermophiles qui ont \u00e9t\u00e9 choisis, c\u2019est-\u00e0-dire des arbres qui aiment la chaleur. \u00c0 l\u2019inverse, dans la partie basse, des arbres n\u00e9cessitant davantage d\u2019eau ont \u00e9t\u00e9 plant\u00e9s.<\/p>\n<p>Cerise sur le g\u00e2teau, une semaine de l\u2019homonymie \u00ab\u00a0vert-vers-verre-ver-vair\u00a0\u00bb \u2013 ou plus simplement \u00ab\u00a0semaine verte\u00a0\u00bb \u2013 \u00e9t\u00e9 organis\u00e9e, la semaine derni\u00e8re, au coll\u00e8ge (lire notre \u00e9dition du 25\u00a0mars). \u00a0\u00ab\u00a0L\u2019objectif est de glisser le mot \u201cvert\u201d dans les cours ou de travailler sur du ou des \u201cverts\u201d\u00a0: le nom, l\u2019adjectif, l\u2019animal, la fourrure de l\u2019\u00e9cureuil, la pr\u00e9position, le mat\u00e9riau\u00a0\u00bb, indique \u00c9ric Gerbaud, le principal.\u00a0<\/p>\n<p><strong><em>Beno\u00eet Morin<\/em><\/strong><\/p>\n<p>Haut du formulaire<\/p>\n<p>Bas du formulaire<\/p>\n","protected":false},"excerpt":{"rendered":"<p>Por Le Berry R\u00e9publicain, Beno\u00eet Morin Publi\u00e9 le 29\/03\/2024 \u00e0 06h00 Sept \u00e9l\u00e8ves de seconde ont plant\u00e9 des arbres sur<\/p>\n","protected":false},"author":6,"featured_media":10048,"comment_status":"closed","ping_status":"open","sticky":false,"template":"","format":"standard","meta":{"colormag_page_container_layout":"default_layout","colormag_page_sidebar_layout":"default_layout","footnotes":""},"categories":[192,170],"tags":[],"class_list":["post-9769","post","type-post","status-publish","format-standard","has-post-thumbnail","hentry","category-evenement-action-du-lycee","category-presse"],"_links":{"self":[{"href":"https:\/\/edouard-vallaint-vierzon.ovh\/index.php?rest_route=\/wp\/v2\/posts\/9769","targetHints":{"allow":["GET"]}}],"collection":[{"href":"https:\/\/edouard-vallaint-vierzon.ovh\/index.php?rest_route=\/wp\/v2\/posts"}],"about":[{"href":"https:\/\/edouard-vallaint-vierzon.ovh\/index.php?rest_route=\/wp\/v2\/types\/post"}],"author":[{"embeddable":true,"href":"https:\/\/edouard-vallaint-vierzon.ovh\/index.php?rest_route=\/wp\/v2\/users\/6"}],"replies":[{"embeddable":true,"href":"https:\/\/edouard-vallaint-vierzon.ovh\/index.php?rest_route=%2Fwp%2Fv2%2Fcomments&post=9769"}],"version-history":[{"count":1,"href":"https:\/\/edouard-vallaint-vierzon.ovh\/index.php?rest_route=\/wp\/v2\/posts\/9769\/revisions"}],"predecessor-version":[{"id":9771,"href":"https:\/\/edouard-vallaint-vierzon.ovh\/index.php?rest_route=\/wp\/v2\/posts\/9769\/revisions\/9771"}],"wp:featuredmedia":[{"embeddable":true,"href":"https:\/\/edouard-vallaint-vierzon.ovh\/index.php?rest_route=\/wp\/v2\/media\/10048"}],"wp:attachment":[{"href":"https:\/\/edouard-vallaint-vierzon.ovh\/index.php?rest_route=%2Fwp%2Fv2%2Fmedia&parent=9769"}],"wp:term":[{"taxonomy":"category","embeddable":true,"href":"https:\/\/edouard-vallaint-vierzon.ovh\/index.php?rest_route=%2Fwp%2Fv2%2Fcategories&post=9769"},{"taxonomy":"post_tag","embeddable":true,"href":"https:\/\/edouard-vallaint-vierzon.ovh\/index.php?rest_route=%2Fwp%2Fv2%2Ftags&post=9769"}],"curies":[{"name":"wp","href":"https:\/\/api.w.org\/{rel}","templated":true}]}}