{"id":9766,"date":"2024-04-02T12:29:28","date_gmt":"2024-04-02T10:29:28","guid":{"rendered":"https:\/\/edouard-vallaint-vierzon.ovh\/?p=9766"},"modified":"2024-09-30T21:14:04","modified_gmt":"2024-09-30T19:14:04","slug":"rencontre-intergenerationnelle-a-la-marpa-de-lury-sur-arnon","status":"publish","type":"post","link":"https:\/\/edouard-vallaint-vierzon.ovh\/?p=9766","title":{"rendered":"Rencontre interg\u00e9n\u00e9rationnelle \u00e0 la MARPA de Lury-sur-Arnon"},"content":{"rendered":"\n<p><img fetchpriority=\"high\" decoding=\"async\" class=\"alignnone size-full wp-image-9767\" src=\"https:\/\/edouard-vallaint-vierzon.ovh\/wp-content\/uploads\/2024\/04\/20240325_170757-scaled.jpg\" alt=\"\" width=\"1920\" height=\"2560\" srcset=\"https:\/\/edouard-vallaint-vierzon.ovh\/wp-content\/uploads\/2024\/04\/20240325_170757-scaled.jpg 1920w, https:\/\/edouard-vallaint-vierzon.ovh\/wp-content\/uploads\/2024\/04\/20240325_170757-225x300.jpg 225w, https:\/\/edouard-vallaint-vierzon.ovh\/wp-content\/uploads\/2024\/04\/20240325_170757-768x1024.jpg 768w, https:\/\/edouard-vallaint-vierzon.ovh\/wp-content\/uploads\/2024\/04\/20240325_170757-1152x1536.jpg 1152w, https:\/\/edouard-vallaint-vierzon.ovh\/wp-content\/uploads\/2024\/04\/20240325_170757-1536x2048.jpg 1536w\" sizes=\"(max-width: 1920px) 100vw, 1920px\" \/><\/p>\n","protected":false},"excerpt":{"rendered":"","protected":false},"author":6,"featured_media":9742,"comment_status":"closed","ping_status":"open","sticky":false,"template":"","format":"standard","meta":{"colormag_page_container_layout":"default_layout","colormag_page_sidebar_layout":"default_layout","footnotes":""},"categories":[192,131,169],"tags":[],"class_list":["post-9766","post","type-post","status-publish","format-standard","has-post-thumbnail","hentry","category-evenement-action-du-lycee","category-sorties","category-vers-les-metiers"],"_links":{"self":[{"href":"https:\/\/edouard-vallaint-vierzon.ovh\/index.php?rest_route=\/wp\/v2\/posts\/9766","targetHints":{"allow":["GET"]}}],"collection":[{"href":"https:\/\/edouard-vallaint-vierzon.ovh\/index.php?rest_route=\/wp\/v2\/posts"}],"about":[{"href":"https:\/\/edouard-vallaint-vierzon.ovh\/index.php?rest_route=\/wp\/v2\/types\/post"}],"author":[{"embeddable":true,"href":"https:\/\/edouard-vallaint-vierzon.ovh\/index.php?rest_route=\/wp\/v2\/users\/6"}],"replies":[{"embeddable":true,"href":"https:\/\/edouard-vallaint-vierzon.ovh\/index.php?rest_route=%2Fwp%2Fv2%2Fcomments&post=9766"}],"version-history":[{"count":1,"href":"https:\/\/edouard-vallaint-vierzon.ovh\/index.php?rest_route=\/wp\/v2\/posts\/9766\/revisions"}],"predecessor-version":[{"id":9768,"href":"https:\/\/edouard-vallaint-vierzon.ovh\/index.php?rest_route=\/wp\/v2\/posts\/9766\/revisions\/9768"}],"wp:featuredmedia":[{"embeddable":true,"href":"https:\/\/edouard-vallaint-vierzon.ovh\/index.php?rest_route=\/wp\/v2\/media\/9742"}],"wp:attachment":[{"href":"https:\/\/edouard-vallaint-vierzon.ovh\/index.php?rest_route=%2Fwp%2Fv2%2Fmedia&parent=9766"}],"wp:term":[{"taxonomy":"category","embeddable":true,"href":"https:\/\/edouard-vallaint-vierzon.ovh\/index.php?rest_route=%2Fwp%2Fv2%2Fcategories&post=9766"},{"taxonomy":"post_tag","embeddable":true,"href":"https:\/\/edouard-vallaint-vierzon.ovh\/index.php?rest_route=%2Fwp%2Fv2%2Ftags&post=9766"}],"curies":[{"name":"wp","href":"https:\/\/api.w.org\/{rel}","templated":true}]}}