{"id":9542,"date":"2023-12-01T09:18:54","date_gmt":"2023-12-01T08:18:54","guid":{"rendered":"https:\/\/edouard-vallaint-vierzon.ovh\/?p=9542"},"modified":"2023-12-01T09:19:21","modified_gmt":"2023-12-01T08:19:21","slug":"2023-2024-acte-35-delegation-du-conseil-dadministration-au-chef-detablissement-pour-la-passation-des-marches-a-lincidence-financiere-annuelle","status":"publish","type":"post","link":"https:\/\/edouard-vallaint-vierzon.ovh\/?p=9542","title":{"rendered":"2023-2024 acte 35: D\u00e9l\u00e9gation du Conseil d&rsquo;Administration au Chef d&rsquo;\u00e9tablissement pour la passation des march\u00e9s \u00e0 l&rsquo;incidence financi\u00e8re annuelle"},"content":{"rendered":"","protected":false},"excerpt":{"rendered":"","protected":false},"author":27,"featured_media":0,"comment_status":"closed","ping_status":"open","sticky":false,"template":"","format":"standard","meta":{"colormag_page_container_layout":"default_layout","colormag_page_sidebar_layout":"default_layout","footnotes":""},"categories":[175],"tags":[],"class_list":["post-9542","post","type-post","status-publish","format-standard","hentry","category-actes-ca"],"_links":{"self":[{"href":"https:\/\/edouard-vallaint-vierzon.ovh\/index.php?rest_route=\/wp\/v2\/posts\/9542","targetHints":{"allow":["GET"]}}],"collection":[{"href":"https:\/\/edouard-vallaint-vierzon.ovh\/index.php?rest_route=\/wp\/v2\/posts"}],"about":[{"href":"https:\/\/edouard-vallaint-vierzon.ovh\/index.php?rest_route=\/wp\/v2\/types\/post"}],"author":[{"embeddable":true,"href":"https:\/\/edouard-vallaint-vierzon.ovh\/index.php?rest_route=\/wp\/v2\/users\/27"}],"replies":[{"embeddable":true,"href":"https:\/\/edouard-vallaint-vierzon.ovh\/index.php?rest_route=%2Fwp%2Fv2%2Fcomments&post=9542"}],"version-history":[{"count":1,"href":"https:\/\/edouard-vallaint-vierzon.ovh\/index.php?rest_route=\/wp\/v2\/posts\/9542\/revisions"}],"predecessor-version":[{"id":9544,"href":"https:\/\/edouard-vallaint-vierzon.ovh\/index.php?rest_route=\/wp\/v2\/posts\/9542\/revisions\/9544"}],"wp:attachment":[{"href":"https:\/\/edouard-vallaint-vierzon.ovh\/index.php?rest_route=%2Fwp%2Fv2%2Fmedia&parent=9542"}],"wp:term":[{"taxonomy":"category","embeddable":true,"href":"https:\/\/edouard-vallaint-vierzon.ovh\/index.php?rest_route=%2Fwp%2Fv2%2Fcategories&post=9542"},{"taxonomy":"post_tag","embeddable":true,"href":"https:\/\/edouard-vallaint-vierzon.ovh\/index.php?rest_route=%2Fwp%2Fv2%2Ftags&post=9542"}],"curies":[{"name":"wp","href":"https:\/\/api.w.org\/{rel}","templated":true}]}}