{"id":8153,"date":"2022-12-08T16:51:41","date_gmt":"2022-12-08T15:51:41","guid":{"rendered":"http:\/\/edouard-vallaint-vierzon.ovh\/?p=8153"},"modified":"2022-12-08T16:51:43","modified_gmt":"2022-12-08T15:51:43","slug":"ma-clinique-fantastique","status":"publish","type":"post","link":"https:\/\/edouard-vallaint-vierzon.ovh\/?p=8153","title":{"rendered":"Ma clinique fantastique"},"content":{"rendered":"\n\n\n<p align=\"center\"><span style=\"color: #c9211e;\"><span style=\"font-family: Arial, sans-serif;\"><span style=\"font-size: small;\"><b>L\u2019Institut M\u00e9dical de Sologne participe \u00e0 la semaine \u00ab\u00a0Ma clinique est fantastique\u00a0\u00bb<\/b><\/span><\/span><\/span><\/p>\n<p align=\"center\"><img fetchpriority=\"high\" decoding=\"async\" class=\"alignnone size-full wp-image-8154\" src=\"https:\/\/edouard-vallaint-vierzon.ovh\/wp-content\/uploads\/2022\/12\/clinique.png\" alt=\"\" width=\"225\" height=\"225\" srcset=\"https:\/\/edouard-vallaint-vierzon.ovh\/wp-content\/uploads\/2022\/12\/clinique.png 225w, https:\/\/edouard-vallaint-vierzon.ovh\/wp-content\/uploads\/2022\/12\/clinique-150x150.png 150w\" sizes=\"(max-width: 225px) 100vw, 225px\" \/><\/p>\n<p align=\"justify\"><span style=\"color: #000000;\"><span style=\"font-family: Arial, sans-serif;\"><span style=\"font-size: small;\">Nos \u00e9l\u00e8ves de Seconde et de Premi\u00e8re ASSP ont particip\u00e9 \u00e0 la semaine \u00ab\u00a0<span style=\"color: #ff0000;\"><b>Ma clinique est fantastique<\/b><\/span>\u00a0\u00bb ce mardi 6 d\u00e9cembre 2022 \u00e0 Lamotte Beuvron.<\/span><\/span><\/span><\/p>\n<p align=\"justify\"><span style=\"color: #000000;\"><span style=\"font-family: Arial, sans-serif;\"><span style=\"font-size: small;\">L\u2019Institut M\u00e9dical de Sologne a invit\u00e9 des lyc\u00e9ens et \u00e9tudiants dans leurs locaux pour mieux faire conna\u00eetre les m\u00e9tiers de la Sant\u00e9 et les sensibiliser \u00e0 leur sant\u00e9.<\/span><\/span><\/span><\/p>\n<p align=\"justify\"><span style=\"color: #000000;\"><span style=\"font-family: Arial, sans-serif;\"><span style=\"font-size: small;\">Cette op\u00e9ration, d\u00e9velopp\u00e9e \u00e0 l\u2019origine en 2016 en Bretagne, permet aux jeunes de d\u00e9couvrir l\u2019ensemble des m\u00e9tiers du secteur de la sant\u00e9 et de susciter des vocations pour des projets professionnels porteurs de sens et de valeurs. Il a \u00e9galement vocation \u00e0 les sensibiliser \u00e0 la pr\u00e9vention en sant\u00e9 \u00e0 travers des ateliers ludiques et interactifs.<\/span><\/span><\/span><\/p>\n<p align=\"justify\"><span style=\"color: #000000;\"><span style=\"font-family: Arial, sans-serif;\"><span style=\"font-size: small;\">Cette journ\u00e9e s\u2019est d\u00e9roul\u00e9e en plusieurs ateliers tournants et visite de l\u2019\u00e9tablissement\u00a0:<\/span><\/span><\/span><\/p>\n<ul>\n<li>\n<p align=\"justify\"><span style=\"color: #000000;\"><span style=\"font-family: Arial, sans-serif;\"><span style=\"font-size: small;\">Pr\u00e9sentation des m\u00e9tiers de la r\u00e9\u00e9ducation.<\/span><\/span><\/span><\/p>\n<\/li>\n<li>\n<p align=\"justify\"><span style=\"color: #000000;\"><span style=\"font-family: Arial, sans-serif;\"><span style=\"font-size: small;\">Pr\u00e9sentation des m\u00e9tiers soignants.<\/span><\/span><\/span><\/p>\n<\/li>\n<li>\n<p align=\"justify\"><span style=\"color: #000000;\"><span style=\"font-family: Arial, sans-serif;\"><span style=\"font-size: small;\">Pr\u00e9sentation du m\u00e9tier d\u2019Agent des Services Hospitaliers (ASH).<\/span><\/span><\/span><\/p>\n<\/li>\n<li>\n<p align=\"justify\"><span style=\"color: #000000;\"><span style=\"font-family: Arial, sans-serif;\"><span style=\"font-size: small;\">Pr\u00e9vention du tabagisme.<\/span><\/span><\/span><\/p>\n<\/li>\n<li>\n<p align=\"justify\"><span style=\"color: #000000;\"><span style=\"font-family: Arial, sans-serif;\"><span style=\"font-size: small;\">Pr\u00e9sentation des m\u00e9tiers du dentaire.<\/span><\/span><\/span><\/p>\n<\/li>\n<li>\n<p align=\"justify\"><span style=\"color: #000000;\"><span style=\"font-family: Arial, sans-serif;\"><span style=\"font-size: small;\">Atelier \u00ab\u00a0Alimentation\u00a0\u00bb permettant de d\u00e9couvrir les diff\u00e9rentes textures.<\/span><\/span><\/span><\/p>\n<\/li>\n<\/ul>\n<p align=\"justify\"><span style=\"color: #000000;\"><span style=\"font-family: Arial, sans-serif;\"><span style=\"font-size: small;\">Nos \u00e9l\u00e8ves ont fait preuve de curiosit\u00e9 et ont particip\u00e9 avec un grand int\u00e9r\u00eat aux diff\u00e9rents ateliers\u00a0!<\/span><\/span><\/span><\/p>\n<p align=\"justify\"><span style=\"color: #000000;\"><span style=\"font-family: Arial, sans-serif;\"><span style=\"font-size: small;\">Rachel ALEXER<\/span><\/span><\/span><\/p>\n<p align=\"justify\"><img decoding=\"async\" class=\"alignnone size-medium wp-image-8155\" src=\"https:\/\/edouard-vallaint-vierzon.ovh\/wp-content\/uploads\/2022\/12\/photo-1-300x208.jpg\" alt=\"\" width=\"300\" height=\"208\" srcset=\"https:\/\/edouard-vallaint-vierzon.ovh\/wp-content\/uploads\/2022\/12\/photo-1-300x208.jpg 300w, https:\/\/edouard-vallaint-vierzon.ovh\/wp-content\/uploads\/2022\/12\/photo-1-1024x711.jpg 1024w, https:\/\/edouard-vallaint-vierzon.ovh\/wp-content\/uploads\/2022\/12\/photo-1-768x533.jpg 768w, https:\/\/edouard-vallaint-vierzon.ovh\/wp-content\/uploads\/2022\/12\/photo-1-392x272.jpg 392w, https:\/\/edouard-vallaint-vierzon.ovh\/wp-content\/uploads\/2022\/12\/photo-1-130x90.jpg 130w, https:\/\/edouard-vallaint-vierzon.ovh\/wp-content\/uploads\/2022\/12\/photo-1-600x417.jpg 600w, https:\/\/edouard-vallaint-vierzon.ovh\/wp-content\/uploads\/2022\/12\/photo-1.jpg 1379w\" sizes=\"(max-width: 300px) 100vw, 300px\" \/><img decoding=\"async\" class=\"alignnone  wp-image-8156\" src=\"https:\/\/edouard-vallaint-vierzon.ovh\/wp-content\/uploads\/2022\/12\/Photo-2-300x158.jpg\" alt=\"\" width=\"393\" height=\"207\" srcset=\"https:\/\/edouard-vallaint-vierzon.ovh\/wp-content\/uploads\/2022\/12\/Photo-2-300x158.jpg 300w, https:\/\/edouard-vallaint-vierzon.ovh\/wp-content\/uploads\/2022\/12\/Photo-2-1024x540.jpg 1024w, https:\/\/edouard-vallaint-vierzon.ovh\/wp-content\/uploads\/2022\/12\/Photo-2-768x405.jpg 768w, https:\/\/edouard-vallaint-vierzon.ovh\/wp-content\/uploads\/2022\/12\/Photo-2-1536x811.jpg 1536w, https:\/\/edouard-vallaint-vierzon.ovh\/wp-content\/uploads\/2022\/12\/Photo-2-390x205.jpg 390w, https:\/\/edouard-vallaint-vierzon.ovh\/wp-content\/uploads\/2022\/12\/Photo-2.jpg 1857w\" sizes=\"(max-width: 393px) 100vw, 393px\" \/><\/p>\n","protected":false},"excerpt":{"rendered":"<p>L\u2019Institut M\u00e9dical de Sologne participe \u00e0 la semaine \u00ab\u00a0Ma clinique est fantastique\u00a0\u00bb Nos \u00e9l\u00e8ves de Seconde et de Premi\u00e8re ASSP<\/p>\n","protected":false},"author":6,"featured_media":0,"comment_status":"closed","ping_status":"open","sticky":false,"template":"","format":"standard","meta":{"colormag_page_container_layout":"default_layout","colormag_page_sidebar_layout":"default_layout","footnotes":""},"categories":[131,169],"tags":[],"class_list":["post-8153","post","type-post","status-publish","format-standard","hentry","category-sorties","category-vers-les-metiers"],"_links":{"self":[{"href":"https:\/\/edouard-vallaint-vierzon.ovh\/index.php?rest_route=\/wp\/v2\/posts\/8153","targetHints":{"allow":["GET"]}}],"collection":[{"href":"https:\/\/edouard-vallaint-vierzon.ovh\/index.php?rest_route=\/wp\/v2\/posts"}],"about":[{"href":"https:\/\/edouard-vallaint-vierzon.ovh\/index.php?rest_route=\/wp\/v2\/types\/post"}],"author":[{"embeddable":true,"href":"https:\/\/edouard-vallaint-vierzon.ovh\/index.php?rest_route=\/wp\/v2\/users\/6"}],"replies":[{"embeddable":true,"href":"https:\/\/edouard-vallaint-vierzon.ovh\/index.php?rest_route=%2Fwp%2Fv2%2Fcomments&post=8153"}],"version-history":[{"count":1,"href":"https:\/\/edouard-vallaint-vierzon.ovh\/index.php?rest_route=\/wp\/v2\/posts\/8153\/revisions"}],"predecessor-version":[{"id":8157,"href":"https:\/\/edouard-vallaint-vierzon.ovh\/index.php?rest_route=\/wp\/v2\/posts\/8153\/revisions\/8157"}],"wp:attachment":[{"href":"https:\/\/edouard-vallaint-vierzon.ovh\/index.php?rest_route=%2Fwp%2Fv2%2Fmedia&parent=8153"}],"wp:term":[{"taxonomy":"category","embeddable":true,"href":"https:\/\/edouard-vallaint-vierzon.ovh\/index.php?rest_route=%2Fwp%2Fv2%2Fcategories&post=8153"},{"taxonomy":"post_tag","embeddable":true,"href":"https:\/\/edouard-vallaint-vierzon.ovh\/index.php?rest_route=%2Fwp%2Fv2%2Ftags&post=8153"}],"curies":[{"name":"wp","href":"https:\/\/api.w.org\/{rel}","templated":true}]}}