{"id":6724,"date":"2021-11-23T18:00:41","date_gmt":"2021-11-23T17:00:41","guid":{"rendered":"https:\/\/edouard-vallaint-vierzon.ovh\/?p=6724"},"modified":"2022-04-06T19:36:37","modified_gmt":"2022-04-06T17:36:37","slug":"remise-des-diplomes-cap-bac-et-bts","status":"publish","type":"post","link":"https:\/\/edouard-vallaint-vierzon.ovh\/?p=6724","title":{"rendered":"remise des dipl\u00f4mes CAP, Bac et BTS"},"content":{"rendered":"\n<p>Samedi 20 novembre, une c\u00e9r\u00e9monie de remise des dipl\u00f4mes a \u00e9t\u00e9 organis\u00e9e au lyc\u00e9e Edouard Vaillant. L&rsquo;ensemble des dipl\u00f4m\u00e9s a pu ainsi revoir leurs camarades\u00a0 et leurs anciens professeurs. Un stand photo a \u00e9t\u00e9 mis \u00e0 leur disposition ainsi qu&rsquo;un buffet propos\u00e9 par le service de restauration. Ce fut l&rsquo;occasion de f\u00e9liciter les bacheliers et de remercier les \u00e9quipes d&rsquo;enseignants mais aussi les agents pour la qualit\u00e9 de leur investissement dans leur mission.\u00a0 <img decoding=\"async\" src=\"https:\/\/edouard-vallaint-vierzon.ovh\/wp-content\/uploads\/2021\/11\/20211120_110637-scaled.jpg\" alt=\"\" \/><\/p>\n<p><img decoding=\"async\" src=\"https:\/\/edouard-vallaint-vierzon.ovh\/wp-content\/uploads\/2021\/11\/20211120_110617-scaled.jpg\" alt=\"\" \/><\/p>\n<p><img decoding=\"async\" src=\"https:\/\/edouard-vallaint-vierzon.ovh\/wp-content\/uploads\/2021\/11\/20211120_115708-scaled.jpg\" alt=\"\" \/><\/p>\n","protected":false},"excerpt":{"rendered":"<p>Samedi 20 novembre, une c\u00e9r\u00e9monie de remise des dipl\u00f4mes a \u00e9t\u00e9 organis\u00e9e au lyc\u00e9e Edouard Vaillant. L&rsquo;ensemble des dipl\u00f4m\u00e9s a<\/p>\n","protected":false},"author":26,"featured_media":6721,"comment_status":"closed","ping_status":"open","sticky":false,"template":"","format":"standard","meta":{"colormag_page_container_layout":"default_layout","colormag_page_sidebar_layout":"default_layout","footnotes":""},"categories":[162,165,124],"tags":[],"class_list":["post-6724","post","type-post","status-publish","format-standard","has-post-thumbnail","hentry","category-bts-comptabilite-et-gestion","category-bts-ndrc","category-lycee"],"_links":{"self":[{"href":"https:\/\/edouard-vallaint-vierzon.ovh\/index.php?rest_route=\/wp\/v2\/posts\/6724","targetHints":{"allow":["GET"]}}],"collection":[{"href":"https:\/\/edouard-vallaint-vierzon.ovh\/index.php?rest_route=\/wp\/v2\/posts"}],"about":[{"href":"https:\/\/edouard-vallaint-vierzon.ovh\/index.php?rest_route=\/wp\/v2\/types\/post"}],"author":[{"embeddable":true,"href":"https:\/\/edouard-vallaint-vierzon.ovh\/index.php?rest_route=\/wp\/v2\/users\/26"}],"replies":[{"embeddable":true,"href":"https:\/\/edouard-vallaint-vierzon.ovh\/index.php?rest_route=%2Fwp%2Fv2%2Fcomments&post=6724"}],"version-history":[{"count":2,"href":"https:\/\/edouard-vallaint-vierzon.ovh\/index.php?rest_route=\/wp\/v2\/posts\/6724\/revisions"}],"predecessor-version":[{"id":6726,"href":"https:\/\/edouard-vallaint-vierzon.ovh\/index.php?rest_route=\/wp\/v2\/posts\/6724\/revisions\/6726"}],"wp:featuredmedia":[{"embeddable":true,"href":"https:\/\/edouard-vallaint-vierzon.ovh\/index.php?rest_route=\/wp\/v2\/media\/6721"}],"wp:attachment":[{"href":"https:\/\/edouard-vallaint-vierzon.ovh\/index.php?rest_route=%2Fwp%2Fv2%2Fmedia&parent=6724"}],"wp:term":[{"taxonomy":"category","embeddable":true,"href":"https:\/\/edouard-vallaint-vierzon.ovh\/index.php?rest_route=%2Fwp%2Fv2%2Fcategories&post=6724"},{"taxonomy":"post_tag","embeddable":true,"href":"https:\/\/edouard-vallaint-vierzon.ovh\/index.php?rest_route=%2Fwp%2Fv2%2Ftags&post=6724"}],"curies":[{"name":"wp","href":"https:\/\/api.w.org\/{rel}","templated":true}]}}