{"id":6718,"date":"2021-11-19T18:16:55","date_gmt":"2021-11-19T17:16:55","guid":{"rendered":"https:\/\/edouard-vallaint-vierzon.ovh\/?p=6718"},"modified":"2022-04-06T19:38:42","modified_gmt":"2022-04-06T17:38:42","slug":"journee-nationale-du-reserviste","status":"publish","type":"post","link":"https:\/\/edouard-vallaint-vierzon.ovh\/?p=6718","title":{"rendered":"Journ\u00e9e Nationale du R\u00e9serviste"},"content":{"rendered":"\n<p>Jeudi 25 novembre s&rsquo;est tenu la journ\u00e9e nationale du r\u00e9serviste. Dans le cadre des parcours avenir et citoyen, les \u00e9l\u00e8ves volontaires ainsi que les classes particuli\u00e8rement concern\u00e9es ont pu d\u00e9couvrir \u00e0 la fois les valeurs, les fonctions et les modalit\u00e9s d&rsquo;un r\u00e9serviste des arm\u00e9es. Un Forum sur le lyc\u00e9e Voisin Henri Brisson et une conf\u00e9rence sur le lyc\u00e9e Vaillant a permis \u00e0 plus 200 \u00e9l\u00e8ves de premi\u00e8re ou terminale du lyc\u00e9e d&rsquo;\u00e9changer avec tous les corps d&rsquo;arm\u00e9es ainsi que les services de la police.<\/p>\n<p><img decoding=\"async\" src=\"https:\/\/edouard-vallaint-vierzon.ovh\/wp-content\/uploads\/2021\/11\/20211118_162148-scaled.jpg\" alt=\"\" \/><\/p>\n<p>\u00a0<\/p>\n<p><img decoding=\"async\" src=\"https:\/\/edouard-vallaint-vierzon.ovh\/wp-content\/uploads\/2021\/11\/20211118_162135-scaled.jpg\" alt=\"\" \/><\/p>\n","protected":false},"excerpt":{"rendered":"<p>Jeudi 25 novembre s&rsquo;est tenu la journ\u00e9e nationale du r\u00e9serviste. Dans le cadre des parcours avenir et citoyen, les \u00e9l\u00e8ves<\/p>\n","protected":false},"author":26,"featured_media":6717,"comment_status":"closed","ping_status":"open","sticky":false,"template":"","format":"standard","meta":{"colormag_page_container_layout":"default_layout","colormag_page_sidebar_layout":"default_layout","footnotes":""},"categories":[124,180,169],"tags":[],"class_list":["post-6718","post","type-post","status-publish","format-standard","has-post-thumbnail","hentry","category-lycee","category-stmg","category-vers-les-metiers"],"_links":{"self":[{"href":"https:\/\/edouard-vallaint-vierzon.ovh\/index.php?rest_route=\/wp\/v2\/posts\/6718","targetHints":{"allow":["GET"]}}],"collection":[{"href":"https:\/\/edouard-vallaint-vierzon.ovh\/index.php?rest_route=\/wp\/v2\/posts"}],"about":[{"href":"https:\/\/edouard-vallaint-vierzon.ovh\/index.php?rest_route=\/wp\/v2\/types\/post"}],"author":[{"embeddable":true,"href":"https:\/\/edouard-vallaint-vierzon.ovh\/index.php?rest_route=\/wp\/v2\/users\/26"}],"replies":[{"embeddable":true,"href":"https:\/\/edouard-vallaint-vierzon.ovh\/index.php?rest_route=%2Fwp%2Fv2%2Fcomments&post=6718"}],"version-history":[{"count":1,"href":"https:\/\/edouard-vallaint-vierzon.ovh\/index.php?rest_route=\/wp\/v2\/posts\/6718\/revisions"}],"predecessor-version":[{"id":6719,"href":"https:\/\/edouard-vallaint-vierzon.ovh\/index.php?rest_route=\/wp\/v2\/posts\/6718\/revisions\/6719"}],"wp:featuredmedia":[{"embeddable":true,"href":"https:\/\/edouard-vallaint-vierzon.ovh\/index.php?rest_route=\/wp\/v2\/media\/6717"}],"wp:attachment":[{"href":"https:\/\/edouard-vallaint-vierzon.ovh\/index.php?rest_route=%2Fwp%2Fv2%2Fmedia&parent=6718"}],"wp:term":[{"taxonomy":"category","embeddable":true,"href":"https:\/\/edouard-vallaint-vierzon.ovh\/index.php?rest_route=%2Fwp%2Fv2%2Fcategories&post=6718"},{"taxonomy":"post_tag","embeddable":true,"href":"https:\/\/edouard-vallaint-vierzon.ovh\/index.php?rest_route=%2Fwp%2Fv2%2Ftags&post=6718"}],"curies":[{"name":"wp","href":"https:\/\/api.w.org\/{rel}","templated":true}]}}