{"id":6401,"date":"2021-06-11T08:42:49","date_gmt":"2021-06-11T06:42:49","guid":{"rendered":"http:\/\/edouard-vallaint-vierzon.ovh\/?p=6401"},"modified":"2022-04-06T19:35:48","modified_gmt":"2022-04-06T17:35:48","slug":"prix-litteraire-edouard-vaillant-2021","status":"publish","type":"post","link":"https:\/\/edouard-vallaint-vierzon.ovh\/?p=6401","title":{"rendered":"Prix litt\u00e9raire \u00c9douard Vaillant 2021"},"content":{"rendered":"\n<p><img fetchpriority=\"high\" decoding=\"async\" class=\"alignnone size-medium wp-image-6402\" src=\"https:\/\/edouard-vallaint-vierzon.ovh\/wp-content\/uploads\/2021\/06\/prix-litteraire3-300x225.jpg\" alt=\"\" width=\"300\" height=\"225\" srcset=\"https:\/\/edouard-vallaint-vierzon.ovh\/wp-content\/uploads\/2021\/06\/prix-litteraire3-300x225.jpg 300w, https:\/\/edouard-vallaint-vierzon.ovh\/wp-content\/uploads\/2021\/06\/prix-litteraire3-1024x768.jpg 1024w, https:\/\/edouard-vallaint-vierzon.ovh\/wp-content\/uploads\/2021\/06\/prix-litteraire3-768x576.jpg 768w, https:\/\/edouard-vallaint-vierzon.ovh\/wp-content\/uploads\/2021\/06\/prix-litteraire3-1536x1152.jpg 1536w, https:\/\/edouard-vallaint-vierzon.ovh\/wp-content\/uploads\/2021\/06\/prix-litteraire3.jpg 2000w\" sizes=\"(max-width: 300px) 100vw, 300px\" \/><\/p>\n<p>Mardi 8 juin 2021, M. Andriamiakatra, le proviseur-adjoint est venu remettre au CDI un prix \u00e0 nos deux meilleures lectrices du Prix litt\u00e9raire \u00c9douard Vaillant. L&rsquo;occasion de parler des ouvrages mis \u00e0 l&rsquo;honneur cette ann\u00e9e et d&rsquo;annoncer le laur\u00e9at, \u00e0 savoir \u00ab\u00a0Arroser l&rsquo;eau des fleurs\u00a0\u00bb de Val\u00e9rie Perrin.<\/p>\n<p>Comme chaque ann\u00e9e, nous attendons avec impatience la s\u00e9lection pour la rentr\u00e9e prochaine.<\/p>\n","protected":false},"excerpt":{"rendered":"<p>Mardi 8 juin 2021, M. Andriamiakatra, le proviseur-adjoint est venu remettre au CDI un prix \u00e0 nos deux meilleures lectrices<\/p>\n","protected":false},"author":6,"featured_media":0,"comment_status":"closed","ping_status":"open","sticky":false,"template":"","format":"standard","meta":{"colormag_page_container_layout":"default_layout","colormag_page_sidebar_layout":"default_layout","footnotes":""},"categories":[130],"tags":[],"class_list":["post-6401","post","type-post","status-publish","format-standard","hentry","category-cdi"],"_links":{"self":[{"href":"https:\/\/edouard-vallaint-vierzon.ovh\/index.php?rest_route=\/wp\/v2\/posts\/6401","targetHints":{"allow":["GET"]}}],"collection":[{"href":"https:\/\/edouard-vallaint-vierzon.ovh\/index.php?rest_route=\/wp\/v2\/posts"}],"about":[{"href":"https:\/\/edouard-vallaint-vierzon.ovh\/index.php?rest_route=\/wp\/v2\/types\/post"}],"author":[{"embeddable":true,"href":"https:\/\/edouard-vallaint-vierzon.ovh\/index.php?rest_route=\/wp\/v2\/users\/6"}],"replies":[{"embeddable":true,"href":"https:\/\/edouard-vallaint-vierzon.ovh\/index.php?rest_route=%2Fwp%2Fv2%2Fcomments&post=6401"}],"version-history":[{"count":1,"href":"https:\/\/edouard-vallaint-vierzon.ovh\/index.php?rest_route=\/wp\/v2\/posts\/6401\/revisions"}],"predecessor-version":[{"id":6403,"href":"https:\/\/edouard-vallaint-vierzon.ovh\/index.php?rest_route=\/wp\/v2\/posts\/6401\/revisions\/6403"}],"wp:attachment":[{"href":"https:\/\/edouard-vallaint-vierzon.ovh\/index.php?rest_route=%2Fwp%2Fv2%2Fmedia&parent=6401"}],"wp:term":[{"taxonomy":"category","embeddable":true,"href":"https:\/\/edouard-vallaint-vierzon.ovh\/index.php?rest_route=%2Fwp%2Fv2%2Fcategories&post=6401"},{"taxonomy":"post_tag","embeddable":true,"href":"https:\/\/edouard-vallaint-vierzon.ovh\/index.php?rest_route=%2Fwp%2Fv2%2Ftags&post=6401"}],"curies":[{"name":"wp","href":"https:\/\/api.w.org\/{rel}","templated":true}]}}