{"id":6386,"date":"2021-06-02T17:15:32","date_gmt":"2021-06-02T15:15:32","guid":{"rendered":"https:\/\/edouard-vallaint-vierzon.ovh\/?p=6386"},"modified":"2022-04-06T19:35:40","modified_gmt":"2022-04-06T17:35:40","slug":"un-barbecue-pour-tous-les-demi-pensionnaires-du-lycee-edouard-vaillant","status":"publish","type":"post","link":"https:\/\/edouard-vallaint-vierzon.ovh\/?p=6386","title":{"rendered":"Un barbecue pour tous les demi-pensionnaires du lyc\u00e9e Edouard Vaillant"},"content":{"rendered":"\n<p>Le jeudi 27 mai et le mardi 1 juin, les services de la demi-pension ont organis\u00e9 un barbecue g\u00e9ant aupr\u00e8s de l&rsquo;ensemble des demi-pensionnaires du lyc\u00e9e Edouard Vaillant mais aussi du coll\u00e8ge Edouard Vaillant. Le soleil a \u00e9t\u00e9 au rendez-vous. Ce moment agr\u00e9able a pu se r\u00e9aliser dans le respect des gestes barri\u00e8res.<\/p>\n<p>L&rsquo;\u00e9quipe pr\u00eate \u00e0 l&rsquo;action. Merci \u00e0 eux<\/p>\n<p><img fetchpriority=\"high\" decoding=\"async\" class=\"aligncenter\" src=\"https:\/\/edouard-vallaint-vierzon.ovh\/wp-content\/uploads\/2021\/06\/IMG20210528115912-scaled.jpg\" alt=\"\" width=\"616\" height=\"462\" \/><\/p>\n<p>le personnel en a bien s\u00fbr b\u00e9n\u00e9fici\u00e9<\/p>\n<p><img decoding=\"async\" class=\"aligncenter\" src=\"https:\/\/edouard-vallaint-vierzon.ovh\/wp-content\/uploads\/2021\/06\/IMG20210528115942-scaled.jpg\" alt=\"\" width=\"630\" height=\"473\" \/>Une organisation au niveau de la t\u00e2che<\/p>\n<p><img decoding=\"async\" class=\"aligncenter\" src=\"https:\/\/edouard-vallaint-vierzon.ovh\/wp-content\/uploads\/2021\/06\/IMG20210528115841-scaled.jpg\" alt=\"\" width=\"634\" height=\"476\" \/><\/p>\n","protected":false},"excerpt":{"rendered":"<p>Le jeudi 27 mai et le mardi 1 juin, les services de la demi-pension ont organis\u00e9 un barbecue g\u00e9ant aupr\u00e8s<\/p>\n","protected":false},"author":26,"featured_media":6374,"comment_status":"closed","ping_status":"open","sticky":false,"template":"","format":"standard","meta":{"colormag_page_container_layout":"default_layout","colormag_page_sidebar_layout":"default_layout","footnotes":""},"categories":[124,18],"tags":[],"class_list":["post-6386","post","type-post","status-publish","format-standard","has-post-thumbnail","hentry","category-lycee","category-food"],"_links":{"self":[{"href":"https:\/\/edouard-vallaint-vierzon.ovh\/index.php?rest_route=\/wp\/v2\/posts\/6386","targetHints":{"allow":["GET"]}}],"collection":[{"href":"https:\/\/edouard-vallaint-vierzon.ovh\/index.php?rest_route=\/wp\/v2\/posts"}],"about":[{"href":"https:\/\/edouard-vallaint-vierzon.ovh\/index.php?rest_route=\/wp\/v2\/types\/post"}],"author":[{"embeddable":true,"href":"https:\/\/edouard-vallaint-vierzon.ovh\/index.php?rest_route=\/wp\/v2\/users\/26"}],"replies":[{"embeddable":true,"href":"https:\/\/edouard-vallaint-vierzon.ovh\/index.php?rest_route=%2Fwp%2Fv2%2Fcomments&post=6386"}],"version-history":[{"count":1,"href":"https:\/\/edouard-vallaint-vierzon.ovh\/index.php?rest_route=\/wp\/v2\/posts\/6386\/revisions"}],"predecessor-version":[{"id":6387,"href":"https:\/\/edouard-vallaint-vierzon.ovh\/index.php?rest_route=\/wp\/v2\/posts\/6386\/revisions\/6387"}],"wp:featuredmedia":[{"embeddable":true,"href":"https:\/\/edouard-vallaint-vierzon.ovh\/index.php?rest_route=\/wp\/v2\/media\/6374"}],"wp:attachment":[{"href":"https:\/\/edouard-vallaint-vierzon.ovh\/index.php?rest_route=%2Fwp%2Fv2%2Fmedia&parent=6386"}],"wp:term":[{"taxonomy":"category","embeddable":true,"href":"https:\/\/edouard-vallaint-vierzon.ovh\/index.php?rest_route=%2Fwp%2Fv2%2Fcategories&post=6386"},{"taxonomy":"post_tag","embeddable":true,"href":"https:\/\/edouard-vallaint-vierzon.ovh\/index.php?rest_route=%2Fwp%2Fv2%2Ftags&post=6386"}],"curies":[{"name":"wp","href":"https:\/\/api.w.org\/{rel}","templated":true}]}}