{"id":6045,"date":"2021-02-22T13:40:52","date_gmt":"2021-02-22T12:40:52","guid":{"rendered":"http:\/\/edouard-vallaint-vierzon.ovh\/?p=6045"},"modified":"2021-09-05T18:31:44","modified_gmt":"2021-09-05T16:31:44","slug":"speed-mentoring-par-les-eleves-de-seconde-assp-b","status":"publish","type":"post","link":"https:\/\/edouard-vallaint-vierzon.ovh\/?p=6045","title":{"rendered":"Speed Mentoring par les \u00e9l\u00e8ves de seconde ASSP B"},"content":{"rendered":"\n<p>Les \u00e9l\u00e8ves entrants de la classe de 2ASSPB ont d\u00e9couvert leur nouvel environnement scolaire \u00e0 travers une semaine d&rsquo;accueil et d&rsquo;int\u00e9gration riche en rencontres et en d\u00e9couvertes.<\/p>\n<p>Ces journ\u00e9es ont permis aux \u00e9l\u00e8ves d&rsquo;\u00e9tablir les rep\u00e8res n\u00e9cessaires \u00e0 tout lyc\u00e9en int\u00e9grant une nouvelle formation dans un lyc\u00e9e professionnel mais aussi de faire connaissance entre eux dans un climat de partage et de convivialit\u00e9.\u00a0<\/p>\n<p>Cette semaine d\u2019int\u00e9gration s\u2019est cl\u00f4tur\u00e9e dans la matin\u00e9e du 16 octobre 2020 par une exploration du futur milieu professionnel des \u00e9l\u00e8ves lors d\u2019un speed mentoring. Ils ont ainsi rencontr\u00e9 par petits groupes, 5 professionnels, en lien avec les m\u00e9tiers de l\u2019accompagnement aux personnes. Ces rencontres ont permis aux \u00e9l\u00e8ves de prendre conscience du tissu professionnel qui les accueillera peut-\u00eatre lors de leurs p\u00e9riodes de formation en entreprise. Le Lyc\u00e9e Edouard Vaillant est tr\u00e8s reconnaissant de la collaboration que nous ont r\u00e9serv\u00e9 ces professionnels et nous les remercions sinc\u00e8rement.\u00a0<\/p>\n<p>retrouvez ci-dessous le document complet.<a href=\"https:\/\/edouard-vallaint-vierzon.ovh\/wp-content\/uploads\/2021\/02\/Speed-mentoring-Copie.docx\">https:\/\/edouard-vallaint-vierzon.ovh\/wp-content\/uploads\/2021\/02\/Speed-mentoring-Copie.docx<\/a><\/p>\n","protected":false},"excerpt":{"rendered":"<p>Les \u00e9l\u00e8ves entrants de la classe de 2ASSPB ont d\u00e9couvert leur nouvel environnement scolaire \u00e0 travers une semaine d&rsquo;accueil et<\/p>\n","protected":false},"author":26,"featured_media":6047,"comment_status":"closed","ping_status":"open","sticky":false,"template":"","format":"standard","meta":{"colormag_page_container_layout":"default_layout","colormag_page_sidebar_layout":"default_layout","footnotes":""},"categories":[124,169],"tags":[],"class_list":["post-6045","post","type-post","status-publish","format-standard","has-post-thumbnail","hentry","category-lycee","category-vers-les-metiers"],"_links":{"self":[{"href":"https:\/\/edouard-vallaint-vierzon.ovh\/index.php?rest_route=\/wp\/v2\/posts\/6045","targetHints":{"allow":["GET"]}}],"collection":[{"href":"https:\/\/edouard-vallaint-vierzon.ovh\/index.php?rest_route=\/wp\/v2\/posts"}],"about":[{"href":"https:\/\/edouard-vallaint-vierzon.ovh\/index.php?rest_route=\/wp\/v2\/types\/post"}],"author":[{"embeddable":true,"href":"https:\/\/edouard-vallaint-vierzon.ovh\/index.php?rest_route=\/wp\/v2\/users\/26"}],"replies":[{"embeddable":true,"href":"https:\/\/edouard-vallaint-vierzon.ovh\/index.php?rest_route=%2Fwp%2Fv2%2Fcomments&post=6045"}],"version-history":[{"count":1,"href":"https:\/\/edouard-vallaint-vierzon.ovh\/index.php?rest_route=\/wp\/v2\/posts\/6045\/revisions"}],"predecessor-version":[{"id":6046,"href":"https:\/\/edouard-vallaint-vierzon.ovh\/index.php?rest_route=\/wp\/v2\/posts\/6045\/revisions\/6046"}],"wp:featuredmedia":[{"embeddable":true,"href":"https:\/\/edouard-vallaint-vierzon.ovh\/index.php?rest_route=\/wp\/v2\/media\/6047"}],"wp:attachment":[{"href":"https:\/\/edouard-vallaint-vierzon.ovh\/index.php?rest_route=%2Fwp%2Fv2%2Fmedia&parent=6045"}],"wp:term":[{"taxonomy":"category","embeddable":true,"href":"https:\/\/edouard-vallaint-vierzon.ovh\/index.php?rest_route=%2Fwp%2Fv2%2Fcategories&post=6045"},{"taxonomy":"post_tag","embeddable":true,"href":"https:\/\/edouard-vallaint-vierzon.ovh\/index.php?rest_route=%2Fwp%2Fv2%2Ftags&post=6045"}],"curies":[{"name":"wp","href":"https:\/\/api.w.org\/{rel}","templated":true}]}}