{"id":5472,"date":"2020-09-28T08:59:39","date_gmt":"2020-09-28T06:59:39","guid":{"rendered":"http:\/\/edouard-vallaint-vierzon.ovh\/?p=5472"},"modified":"2021-09-05T18:32:28","modified_gmt":"2021-09-05T16:32:28","slug":"premiere-journee-daction-projet-classes-olympiques","status":"publish","type":"post","link":"https:\/\/edouard-vallaint-vierzon.ovh\/?p=5472","title":{"rendered":"Premi\u00e8re journ\u00e9e d\u2019action, projet \u00ab classes olympiques \u00bb"},"content":{"rendered":"\n<p>Vendredi 25 septembre 2020 s\u2019est tenue une journ\u00e9e d\u2019animation pour tous les \u00e9l\u00e8ves de seconde\u00a0 professionnelle du lyc\u00e9e Edouard Vaillant, soit 96 \u00e9l\u00e8ves.<\/p>\n<p>Les Th\u00e8mes retenus pour cette ann\u00e9e sont\u00a0:<\/p>\n<ul>\n<li>Sport handicap<\/li>\n<li>Sport sant\u00e9<\/li>\n<li>Sport sans violence<\/li>\n<\/ul>\n<p>8 \u00e9quipes, chacune compos\u00e9e d\u2019\u00e9l\u00e8ves de toutes les fili\u00e8res professionnelles pr\u00e9sentes au lyc\u00e9e ont pu d\u00e9couvrir 8 ateliers\u00a0 anim\u00e9s par le service jeunesse de la mairie ou des b\u00e9n\u00e9voles d\u2019association :<\/p>\n<ul>\n<li>\u00ab\u00a0les conduites \u00e0 risque\u00a0\u00bb<\/li>\n<li>Sport sans violence<\/li>\n<li>Tir au laser<\/li>\n<li>Curling<\/li>\n<li>Floorball<\/li>\n<li>Boxe<\/li>\n<li>Gestes de premier secours<\/li>\n<li>C\u00e9cifoot<\/li>\n<\/ul>\n<p>Les \u00e9l\u00e8ves ont pu se d\u00e9couvrir et partager des valeurs olympiques. Les professeurs accompagnateurs se sont \u00e9galement pr\u00eat\u00e9s au jeu\u00a0:<\/p>\n<p><img decoding=\"async\" src=\"https:\/\/edouard-vallaint-vierzon.ovh\/wp-content\/uploads\/2020\/09\/IMG_20200925_110118-scaled.jpg\" alt=\"\" \/><\/p>\n<ol>\n<li>Oury, pr\u00e9sident du comit\u00e9 olympique du Cher a conclu la journ\u00e9e avec la distribution de tee-shirts aux participants<\/li>\n<\/ol>\n","protected":false},"excerpt":{"rendered":"<p>Vendredi 25 septembre 2020 s\u2019est tenue une journ\u00e9e d\u2019animation pour tous les \u00e9l\u00e8ves de seconde\u00a0 professionnelle du lyc\u00e9e Edouard Vaillant,<\/p>\n","protected":false},"author":26,"featured_media":5475,"comment_status":"closed","ping_status":"open","sticky":false,"template":"","format":"standard","meta":{"colormag_page_container_layout":"default_layout","colormag_page_sidebar_layout":"default_layout","footnotes":""},"categories":[124,46],"tags":[],"class_list":["post-5472","post","type-post","status-publish","format-standard","has-post-thumbnail","hentry","category-lycee","category-sports"],"_links":{"self":[{"href":"https:\/\/edouard-vallaint-vierzon.ovh\/index.php?rest_route=\/wp\/v2\/posts\/5472","targetHints":{"allow":["GET"]}}],"collection":[{"href":"https:\/\/edouard-vallaint-vierzon.ovh\/index.php?rest_route=\/wp\/v2\/posts"}],"about":[{"href":"https:\/\/edouard-vallaint-vierzon.ovh\/index.php?rest_route=\/wp\/v2\/types\/post"}],"author":[{"embeddable":true,"href":"https:\/\/edouard-vallaint-vierzon.ovh\/index.php?rest_route=\/wp\/v2\/users\/26"}],"replies":[{"embeddable":true,"href":"https:\/\/edouard-vallaint-vierzon.ovh\/index.php?rest_route=%2Fwp%2Fv2%2Fcomments&post=5472"}],"version-history":[{"count":2,"href":"https:\/\/edouard-vallaint-vierzon.ovh\/index.php?rest_route=\/wp\/v2\/posts\/5472\/revisions"}],"predecessor-version":[{"id":5478,"href":"https:\/\/edouard-vallaint-vierzon.ovh\/index.php?rest_route=\/wp\/v2\/posts\/5472\/revisions\/5478"}],"wp:featuredmedia":[{"embeddable":true,"href":"https:\/\/edouard-vallaint-vierzon.ovh\/index.php?rest_route=\/wp\/v2\/media\/5475"}],"wp:attachment":[{"href":"https:\/\/edouard-vallaint-vierzon.ovh\/index.php?rest_route=%2Fwp%2Fv2%2Fmedia&parent=5472"}],"wp:term":[{"taxonomy":"category","embeddable":true,"href":"https:\/\/edouard-vallaint-vierzon.ovh\/index.php?rest_route=%2Fwp%2Fv2%2Fcategories&post=5472"},{"taxonomy":"post_tag","embeddable":true,"href":"https:\/\/edouard-vallaint-vierzon.ovh\/index.php?rest_route=%2Fwp%2Fv2%2Ftags&post=5472"}],"curies":[{"name":"wp","href":"https:\/\/api.w.org\/{rel}","templated":true}]}}