{"id":4616,"date":"2019-12-16T11:17:14","date_gmt":"2019-12-16T10:17:14","guid":{"rendered":"http:\/\/edouard-vallaint-vierzon.ovh\/?p=4616"},"modified":"2021-01-12T22:34:52","modified_gmt":"2021-01-12T21:34:52","slug":"une-sortie-a-la-creche","status":"publish","type":"post","link":"https:\/\/edouard-vallaint-vierzon.ovh\/?p=4616","title":{"rendered":"Une sortie \u00e0 la cr\u00e8che"},"content":{"rendered":"\n<p>Le mardi 10 d\u00e9cembre 2019, la classe de 1\u00e8re ASSP B s&rsquo;est rendue \u00e0 la cr\u00e8che de Vierzon. Une visite guid\u00e9e par la directrice, Madame BADERSPACH, qui a \u00e9galement r\u00e9pondu aux diff\u00e9rentes questions des \u00e9l\u00e8ves. Ayant vu la th\u00e9orie en cours, elles ont pu b\u00e9n\u00e9ficier du concret, en rencontrant des professionnelles de la Petite Enfance sur le terrain. Elles ont pu ainsi voir l&rsquo;organisation des locaux, salles de change, salles pour les repas, salles de repos, la cuisine, la salle de st\u00e9rilisation des biberons, la salle de psychomotricit\u00e9&#8230; Une journ\u00e9e tr\u00e8s enrichissante pour les \u00e9l\u00e8ves.<br \/>Rachel Alexer<\/p>\n","protected":false},"excerpt":{"rendered":"<p>Le mardi 10 d\u00e9cembre 2019, la classe de 1\u00e8re ASSP B s&rsquo;est rendue \u00e0 la cr\u00e8che de Vierzon. Une visite<\/p>\n","protected":false},"author":6,"featured_media":4617,"comment_status":"closed","ping_status":"open","sticky":false,"template":"","format":"standard","meta":{"colormag_page_container_layout":"default_layout","colormag_page_sidebar_layout":"default_layout","footnotes":""},"categories":[131,169],"tags":[],"class_list":["post-4616","post","type-post","status-publish","format-standard","has-post-thumbnail","hentry","category-sorties","category-vers-les-metiers"],"_links":{"self":[{"href":"https:\/\/edouard-vallaint-vierzon.ovh\/index.php?rest_route=\/wp\/v2\/posts\/4616","targetHints":{"allow":["GET"]}}],"collection":[{"href":"https:\/\/edouard-vallaint-vierzon.ovh\/index.php?rest_route=\/wp\/v2\/posts"}],"about":[{"href":"https:\/\/edouard-vallaint-vierzon.ovh\/index.php?rest_route=\/wp\/v2\/types\/post"}],"author":[{"embeddable":true,"href":"https:\/\/edouard-vallaint-vierzon.ovh\/index.php?rest_route=\/wp\/v2\/users\/6"}],"replies":[{"embeddable":true,"href":"https:\/\/edouard-vallaint-vierzon.ovh\/index.php?rest_route=%2Fwp%2Fv2%2Fcomments&post=4616"}],"version-history":[{"count":1,"href":"https:\/\/edouard-vallaint-vierzon.ovh\/index.php?rest_route=\/wp\/v2\/posts\/4616\/revisions"}],"predecessor-version":[{"id":4618,"href":"https:\/\/edouard-vallaint-vierzon.ovh\/index.php?rest_route=\/wp\/v2\/posts\/4616\/revisions\/4618"}],"wp:featuredmedia":[{"embeddable":true,"href":"https:\/\/edouard-vallaint-vierzon.ovh\/index.php?rest_route=\/wp\/v2\/media\/4617"}],"wp:attachment":[{"href":"https:\/\/edouard-vallaint-vierzon.ovh\/index.php?rest_route=%2Fwp%2Fv2%2Fmedia&parent=4616"}],"wp:term":[{"taxonomy":"category","embeddable":true,"href":"https:\/\/edouard-vallaint-vierzon.ovh\/index.php?rest_route=%2Fwp%2Fv2%2Fcategories&post=4616"},{"taxonomy":"post_tag","embeddable":true,"href":"https:\/\/edouard-vallaint-vierzon.ovh\/index.php?rest_route=%2Fwp%2Fv2%2Ftags&post=4616"}],"curies":[{"name":"wp","href":"https:\/\/api.w.org\/{rel}","templated":true}]}}