{"id":4420,"date":"2019-11-25T10:45:35","date_gmt":"2019-11-25T09:45:35","guid":{"rendered":"http:\/\/edouard-vallaint-vierzon.ovh\/?p=4420"},"modified":"2020-02-13T15:35:14","modified_gmt":"2020-02-13T14:35:14","slug":"4420","status":"publish","type":"post","link":"https:\/\/edouard-vallaint-vierzon.ovh\/?p=4420","title":{"rendered":"Rencontre avec un collaborateur comptable"},"content":{"rendered":"\n<p>Les \u00e9tudiants ont rencontr\u00e9 le Mardi 1er octobre 2019 au cabinet CER FRANCE \u00e0 M\u00e9reau, Monsieur AROZTEGUI expert-comptable et Me GUILLEMIN collaboratrice comptable.<\/p>\n<p>Ces derniers ont pr\u00e9sent\u00e9 les sp\u00e9cificit\u00e9s agricoles (cycle de production, \u00e9valuation des stocks, notion de cheptel, analyse des ratios&#8230;).<\/p>\n<p>Le Vendredi 4 octobre, les \u00e9tudiants se sont rendus chez des exploitants&nbsp; (2 viticulteurs et un \u00e9leveur).<\/p>\n<p>Ces rencontres ont permis d&rsquo;appr\u00e9hender les probl\u00e9matiques du monde agricole.<\/p>\n<p>&nbsp;<\/p>\n","protected":false},"excerpt":{"rendered":"<p>Les \u00e9tudiants ont rencontr\u00e9 le Mardi 1er octobre 2019 au cabinet CER FRANCE \u00e0 M\u00e9reau, Monsieur AROZTEGUI expert-comptable et Me<\/p>\n","protected":false},"author":8,"featured_media":4421,"comment_status":"closed","ping_status":"open","sticky":false,"template":"","format":"standard","meta":{"colormag_page_container_layout":"default_layout","colormag_page_sidebar_layout":"default_layout","footnotes":""},"categories":[163],"tags":[],"class_list":["post-4420","post","type-post","status-publish","format-standard","has-post-thumbnail","hentry","category-bts-approfondissement-sectoriel"],"_links":{"self":[{"href":"https:\/\/edouard-vallaint-vierzon.ovh\/index.php?rest_route=\/wp\/v2\/posts\/4420","targetHints":{"allow":["GET"]}}],"collection":[{"href":"https:\/\/edouard-vallaint-vierzon.ovh\/index.php?rest_route=\/wp\/v2\/posts"}],"about":[{"href":"https:\/\/edouard-vallaint-vierzon.ovh\/index.php?rest_route=\/wp\/v2\/types\/post"}],"author":[{"embeddable":true,"href":"https:\/\/edouard-vallaint-vierzon.ovh\/index.php?rest_route=\/wp\/v2\/users\/8"}],"replies":[{"embeddable":true,"href":"https:\/\/edouard-vallaint-vierzon.ovh\/index.php?rest_route=%2Fwp%2Fv2%2Fcomments&post=4420"}],"version-history":[{"count":3,"href":"https:\/\/edouard-vallaint-vierzon.ovh\/index.php?rest_route=\/wp\/v2\/posts\/4420\/revisions"}],"predecessor-version":[{"id":4427,"href":"https:\/\/edouard-vallaint-vierzon.ovh\/index.php?rest_route=\/wp\/v2\/posts\/4420\/revisions\/4427"}],"wp:featuredmedia":[{"embeddable":true,"href":"https:\/\/edouard-vallaint-vierzon.ovh\/index.php?rest_route=\/wp\/v2\/media\/4421"}],"wp:attachment":[{"href":"https:\/\/edouard-vallaint-vierzon.ovh\/index.php?rest_route=%2Fwp%2Fv2%2Fmedia&parent=4420"}],"wp:term":[{"taxonomy":"category","embeddable":true,"href":"https:\/\/edouard-vallaint-vierzon.ovh\/index.php?rest_route=%2Fwp%2Fv2%2Fcategories&post=4420"},{"taxonomy":"post_tag","embeddable":true,"href":"https:\/\/edouard-vallaint-vierzon.ovh\/index.php?rest_route=%2Fwp%2Fv2%2Ftags&post=4420"}],"curies":[{"name":"wp","href":"https:\/\/api.w.org\/{rel}","templated":true}]}}