{"id":4358,"date":"2019-09-30T08:42:42","date_gmt":"2019-09-30T06:42:42","guid":{"rendered":"http:\/\/edouard-vallaint-vierzon.ovh\/?p=4358"},"modified":"2020-02-13T15:32:15","modified_gmt":"2020-02-13T14:32:15","slug":"journee-olympiade-du-27-septembre-2019","status":"publish","type":"post","link":"https:\/\/edouard-vallaint-vierzon.ovh\/?p=4358","title":{"rendered":"Journ\u00e9e Olympiade du 27 septembre 2019"},"content":{"rendered":"\n<p>En partenariat avec le service jeunesse de la mairie de Vierzon et le Comit\u00e9 D\u00e9partemental Olympique et Sportif du CHER pr\u00e9sid\u00e9 par M. Oury, les \u00e9l\u00e8ves de secondes professionnelles ont particip\u00e9 \u00e0 une journ\u00e9e d\u2019activit\u00e9s sur les th\u00e8mes du sport au f\u00e9minin, sport handicap et sport innovant.<\/p>\n<p>Les objectifs recherch\u00e9s consistaient \u00e0 favoriser les rencontres des \u00e9l\u00e8ves de sections d\u2019enseignement diff\u00e9rentes, permettre de d\u00e9couvrir et partager des valeurs du sport au contact de b\u00e9n\u00e9voles.<\/p>\n<p>Les objectifs ont \u00e9t\u00e9 atteints. L\u2019ensemble des participants, soit 25 animateurs, 10 enseignants et plus de 80 \u00e9l\u00e8ves ont appr\u00e9ci\u00e9s cette journ\u00e9e. Les 10 ateliers ont permis de d\u00e9couvrir entre autres le basketball en fauteuil roulant, du football pour mal voyant, les risques sur les boisions \u00e9nerg\u00e9tiques, d\u2019effectuer un quiz sur les jeux olympiques 2024.<\/p>\n<p><img decoding=\"async\" src=\"https:\/\/edouard-vallaint-vierzon.ovh\/wp-content\/uploads\/2019\/09\/image-1.jpg\" alt=\"\" \/><\/p>\n<p>Football pour mal voyant<\/p>\n<p><img decoding=\"async\" src=\"https:\/\/edouard-vallaint-vierzon.ovh\/wp-content\/uploads\/2019\/09\/image-2-olympiades.jpg\" alt=\"\" \/><\/p>\n<p>Handball<\/p>\n<p><img decoding=\"async\" src=\"https:\/\/edouard-vallaint-vierzon.ovh\/wp-content\/uploads\/2019\/09\/image-3-olympiades.jpg\" alt=\"\" \/><\/p>\n<p>Gym rythmique<\/p>\n<p>Pour cl\u00f4turer la journ\u00e9e un gouter ouvert \u00e9galement aux parents a \u00e9t\u00e9 propos\u00e9 dans le hall de la section professionnelle apr\u00e8s la r\u00e9alisation d\u2019un flashmob et la remise d\u2019une m\u00e9daille par dans le gymnase.<\/p>\n<p><img decoding=\"async\" src=\"https:\/\/edouard-vallaint-vierzon.ovh\/wp-content\/uploads\/2019\/09\/image-4-olympiades.jpg\" alt=\"\" \/><\/p>\n<p>Devant la r\u00e9ussite de cette seconde \u00e9dition, pour l\u2019ann\u00e9e prochaine tous les participants se sont engag\u00e9s \u00e0 \u00eatre pr\u00e9sents avec son lot de nouveaut\u00e9s.<\/p>\n<p>\u00a0<\/p>\n<p>\u00a0<\/p>\n<p>\u00a0<\/p>\n<p>\u00a0<\/p>\n<p>\u00a0<\/p>\n","protected":false},"excerpt":{"rendered":"<p>En partenariat avec le service jeunesse de la mairie de Vierzon et le Comit\u00e9 D\u00e9partemental Olympique et Sportif du CHER<\/p>\n","protected":false},"author":26,"featured_media":4362,"comment_status":"closed","ping_status":"open","sticky":false,"template":"","format":"standard","meta":{"colormag_page_container_layout":"default_layout","colormag_page_sidebar_layout":"default_layout","footnotes":""},"categories":[124],"tags":[],"class_list":["post-4358","post","type-post","status-publish","format-standard","has-post-thumbnail","hentry","category-lycee"],"_links":{"self":[{"href":"https:\/\/edouard-vallaint-vierzon.ovh\/index.php?rest_route=\/wp\/v2\/posts\/4358","targetHints":{"allow":["GET"]}}],"collection":[{"href":"https:\/\/edouard-vallaint-vierzon.ovh\/index.php?rest_route=\/wp\/v2\/posts"}],"about":[{"href":"https:\/\/edouard-vallaint-vierzon.ovh\/index.php?rest_route=\/wp\/v2\/types\/post"}],"author":[{"embeddable":true,"href":"https:\/\/edouard-vallaint-vierzon.ovh\/index.php?rest_route=\/wp\/v2\/users\/26"}],"replies":[{"embeddable":true,"href":"https:\/\/edouard-vallaint-vierzon.ovh\/index.php?rest_route=%2Fwp%2Fv2%2Fcomments&post=4358"}],"version-history":[{"count":8,"href":"https:\/\/edouard-vallaint-vierzon.ovh\/index.php?rest_route=\/wp\/v2\/posts\/4358\/revisions"}],"predecessor-version":[{"id":4405,"href":"https:\/\/edouard-vallaint-vierzon.ovh\/index.php?rest_route=\/wp\/v2\/posts\/4358\/revisions\/4405"}],"wp:featuredmedia":[{"embeddable":true,"href":"https:\/\/edouard-vallaint-vierzon.ovh\/index.php?rest_route=\/wp\/v2\/media\/4362"}],"wp:attachment":[{"href":"https:\/\/edouard-vallaint-vierzon.ovh\/index.php?rest_route=%2Fwp%2Fv2%2Fmedia&parent=4358"}],"wp:term":[{"taxonomy":"category","embeddable":true,"href":"https:\/\/edouard-vallaint-vierzon.ovh\/index.php?rest_route=%2Fwp%2Fv2%2Fcategories&post=4358"},{"taxonomy":"post_tag","embeddable":true,"href":"https:\/\/edouard-vallaint-vierzon.ovh\/index.php?rest_route=%2Fwp%2Fv2%2Ftags&post=4358"}],"curies":[{"name":"wp","href":"https:\/\/api.w.org\/{rel}","templated":true}]}}