{"id":4063,"date":"2019-06-20T21:15:39","date_gmt":"2019-06-20T19:15:39","guid":{"rendered":"http:\/\/edouard-vallaint-vierzon.ovh\/?p=4063"},"modified":"2019-11-25T10:29:24","modified_gmt":"2019-11-25T09:29:24","slug":"bts-comptabilite-et-gestion-conseil-des-prudhommes","status":"publish","type":"post","link":"https:\/\/edouard-vallaint-vierzon.ovh\/?p=4063","title":{"rendered":"BTS Comptabilit\u00e9 et gestion: Conseil des Prud&rsquo;Hommes"},"content":{"rendered":"\n<p>Le Mardi 4 d\u00e9cembre 2018, une affaire opposant une salari\u00e9e comptable \u00e0 son employeur, S\u00e9same Autisme Cher, a \u00e9t\u00e9 plaid\u00e9e devant 4 conseillers prudhommaux.<\/p>\n<p>La salari\u00e9e a \u00e9t\u00e9 licenci\u00e9e pour faute grave. Cette derni\u00e8re conteste la d\u00e9cision de son employeur et plaide le harc\u00e8lement moral et demande la requalification de son temps partiel en temps plein.<\/p>\n<p>L\u2019affaire a \u00e9t\u00e9 mise en d\u00e9lib\u00e9r\u00e9e le 14 janvier 2019.<\/p>\n<p>Le pr\u00e9sident du conseil des Prud\u2019hommes viendra expliciter la d\u00e9cision et r\u00e9pondre \u00e0 nos questions courant janvier 2019.<\/p>\n<p>Merci aux conseillers prudhommaux pour l\u2019accueil qu\u2019ils nous ont r\u00e9serv\u00e9.<\/p>\n","protected":false},"excerpt":{"rendered":"<p>Le Mardi 4 d\u00e9cembre 2018, une affaire opposant une salari\u00e9e comptable \u00e0 son employeur, S\u00e9same Autisme Cher, a \u00e9t\u00e9 plaid\u00e9e<\/p>\n","protected":false},"author":8,"featured_media":4064,"comment_status":"closed","ping_status":"open","sticky":false,"template":"","format":"standard","meta":{"colormag_page_container_layout":"default_layout","colormag_page_sidebar_layout":"default_layout","footnotes":""},"categories":[162],"tags":[],"class_list":["post-4063","post","type-post","status-publish","format-standard","has-post-thumbnail","hentry","category-bts-comptabilite-et-gestion"],"_links":{"self":[{"href":"https:\/\/edouard-vallaint-vierzon.ovh\/index.php?rest_route=\/wp\/v2\/posts\/4063","targetHints":{"allow":["GET"]}}],"collection":[{"href":"https:\/\/edouard-vallaint-vierzon.ovh\/index.php?rest_route=\/wp\/v2\/posts"}],"about":[{"href":"https:\/\/edouard-vallaint-vierzon.ovh\/index.php?rest_route=\/wp\/v2\/types\/post"}],"author":[{"embeddable":true,"href":"https:\/\/edouard-vallaint-vierzon.ovh\/index.php?rest_route=\/wp\/v2\/users\/8"}],"replies":[{"embeddable":true,"href":"https:\/\/edouard-vallaint-vierzon.ovh\/index.php?rest_route=%2Fwp%2Fv2%2Fcomments&post=4063"}],"version-history":[{"count":2,"href":"https:\/\/edouard-vallaint-vierzon.ovh\/index.php?rest_route=\/wp\/v2\/posts\/4063\/revisions"}],"predecessor-version":[{"id":4446,"href":"https:\/\/edouard-vallaint-vierzon.ovh\/index.php?rest_route=\/wp\/v2\/posts\/4063\/revisions\/4446"}],"wp:featuredmedia":[{"embeddable":true,"href":"https:\/\/edouard-vallaint-vierzon.ovh\/index.php?rest_route=\/wp\/v2\/media\/4064"}],"wp:attachment":[{"href":"https:\/\/edouard-vallaint-vierzon.ovh\/index.php?rest_route=%2Fwp%2Fv2%2Fmedia&parent=4063"}],"wp:term":[{"taxonomy":"category","embeddable":true,"href":"https:\/\/edouard-vallaint-vierzon.ovh\/index.php?rest_route=%2Fwp%2Fv2%2Fcategories&post=4063"},{"taxonomy":"post_tag","embeddable":true,"href":"https:\/\/edouard-vallaint-vierzon.ovh\/index.php?rest_route=%2Fwp%2Fv2%2Ftags&post=4063"}],"curies":[{"name":"wp","href":"https:\/\/api.w.org\/{rel}","templated":true}]}}