{"id":3914,"date":"2019-06-20T15:35:57","date_gmt":"2019-06-20T13:35:57","guid":{"rendered":"http:\/\/edouard-vallaint-vierzon.ovh\/?p=3914"},"modified":"2019-11-25T10:29:53","modified_gmt":"2019-11-25T09:29:53","slug":"approfondissement-sectoriel","status":"publish","type":"post","link":"https:\/\/edouard-vallaint-vierzon.ovh\/?p=3914","title":{"rendered":"Approfondissement Sectoriel"},"content":{"rendered":"\n<p>Dans le cadre de la d\u00e9couverte de la comptabilit\u00e9 agricole, un groupe de 4 \u00e9tudiants ont visit\u00e9 la Ferme de la Sise \u00e0 Nan\u00e7ay.<\/p>\n<p>Monsieur Sylvain PINGUET \u00e9l\u00e8ve des agneaux de Sologne depuis 19 ans. Il compl\u00e8te son activit\u00e9 en fabricant des confitures (30 parfums et 30 000 pots par an).<\/p>\n<p>Nous vous invitons \u00e0 visiter son site internet en cliquant ci-dessous :<\/p>\n<p><a href=\"https:\/\/www.lafermedelasise.fr\/\" target=\"_blank\" rel=\"noopener noreferrer\">https:\/\/www.lafermedelasise.fr\/<\/a><\/p>\n<p>&nbsp;<\/p>\n","protected":false},"excerpt":{"rendered":"<p>Dans le cadre de la d\u00e9couverte de la comptabilit\u00e9 agricole, un groupe de 4 \u00e9tudiants ont visit\u00e9 la Ferme de<\/p>\n","protected":false},"author":8,"featured_media":4067,"comment_status":"closed","ping_status":"open","sticky":false,"template":"","format":"standard","meta":{"colormag_page_container_layout":"default_layout","colormag_page_sidebar_layout":"default_layout","footnotes":""},"categories":[163],"tags":[],"class_list":["post-3914","post","type-post","status-publish","format-standard","has-post-thumbnail","hentry","category-bts-approfondissement-sectoriel"],"_links":{"self":[{"href":"https:\/\/edouard-vallaint-vierzon.ovh\/index.php?rest_route=\/wp\/v2\/posts\/3914","targetHints":{"allow":["GET"]}}],"collection":[{"href":"https:\/\/edouard-vallaint-vierzon.ovh\/index.php?rest_route=\/wp\/v2\/posts"}],"about":[{"href":"https:\/\/edouard-vallaint-vierzon.ovh\/index.php?rest_route=\/wp\/v2\/types\/post"}],"author":[{"embeddable":true,"href":"https:\/\/edouard-vallaint-vierzon.ovh\/index.php?rest_route=\/wp\/v2\/users\/8"}],"replies":[{"embeddable":true,"href":"https:\/\/edouard-vallaint-vierzon.ovh\/index.php?rest_route=%2Fwp%2Fv2%2Fcomments&post=3914"}],"version-history":[{"count":9,"href":"https:\/\/edouard-vallaint-vierzon.ovh\/index.php?rest_route=\/wp\/v2\/posts\/3914\/revisions"}],"predecessor-version":[{"id":4104,"href":"https:\/\/edouard-vallaint-vierzon.ovh\/index.php?rest_route=\/wp\/v2\/posts\/3914\/revisions\/4104"}],"wp:featuredmedia":[{"embeddable":true,"href":"https:\/\/edouard-vallaint-vierzon.ovh\/index.php?rest_route=\/wp\/v2\/media\/4067"}],"wp:attachment":[{"href":"https:\/\/edouard-vallaint-vierzon.ovh\/index.php?rest_route=%2Fwp%2Fv2%2Fmedia&parent=3914"}],"wp:term":[{"taxonomy":"category","embeddable":true,"href":"https:\/\/edouard-vallaint-vierzon.ovh\/index.php?rest_route=%2Fwp%2Fv2%2Fcategories&post=3914"},{"taxonomy":"post_tag","embeddable":true,"href":"https:\/\/edouard-vallaint-vierzon.ovh\/index.php?rest_route=%2Fwp%2Fv2%2Ftags&post=3914"}],"curies":[{"name":"wp","href":"https:\/\/api.w.org\/{rel}","templated":true}]}}