{"id":11864,"date":"2025-12-01T16:19:46","date_gmt":"2025-12-01T15:19:46","guid":{"rendered":"https:\/\/edouard-vallaint-vierzon.ovh\/?p=11864"},"modified":"2025-12-01T16:20:18","modified_gmt":"2025-12-01T15:20:18","slug":"acte-29-2025-2026-delegation-du-conseil-dadministration-au-chef-detablissement-pour-la-passation-des-marches-a-incidence-financiere-annuelle","status":"publish","type":"post","link":"https:\/\/edouard-vallaint-vierzon.ovh\/?p=11864","title":{"rendered":"Acte 29\/ 2025-2026 D\u00e9l\u00e9gation du Conseil d&rsquo;Administration au Chef d\u2019\u00c9tablissement pour la passation des march\u00e9s \u00e0 incidence financi\u00e8re annuelle"},"content":{"rendered":"\n<figure class=\"wp-block-gallery has-nested-images columns-default is-cropped wp-block-gallery-1 is-layout-flex wp-block-gallery-is-layout-flex\">\n<figure class=\"wp-block-image size-large\"><img fetchpriority=\"high\" decoding=\"async\" width=\"723\" height=\"1024\" data-id=\"11865\" src=\"https:\/\/edouard-vallaint-vierzon.ovh\/wp-content\/uploads\/2025\/12\/Acte-29-723x1024.jpg\" alt=\"\" class=\"wp-image-11865\" srcset=\"https:\/\/edouard-vallaint-vierzon.ovh\/wp-content\/uploads\/2025\/12\/Acte-29-723x1024.jpg 723w, https:\/\/edouard-vallaint-vierzon.ovh\/wp-content\/uploads\/2025\/12\/Acte-29-212x300.jpg 212w, https:\/\/edouard-vallaint-vierzon.ovh\/wp-content\/uploads\/2025\/12\/Acte-29-768x1088.jpg 768w, https:\/\/edouard-vallaint-vierzon.ovh\/wp-content\/uploads\/2025\/12\/Acte-29-1085x1536.jpg 1085w, https:\/\/edouard-vallaint-vierzon.ovh\/wp-content\/uploads\/2025\/12\/Acte-29-1446x2048.jpg 1446w, https:\/\/edouard-vallaint-vierzon.ovh\/wp-content\/uploads\/2025\/12\/Acte-29.jpg 1646w\" sizes=\"(max-width: 723px) 100vw, 723px\" \/><\/figure>\n<\/figure>\n","protected":false},"excerpt":{"rendered":"","protected":false},"author":27,"featured_media":0,"comment_status":"closed","ping_status":"open","sticky":false,"template":"","format":"standard","meta":{"colormag_page_container_layout":"default_layout","colormag_page_sidebar_layout":"default_layout","footnotes":""},"categories":[175],"tags":[],"class_list":["post-11864","post","type-post","status-publish","format-standard","hentry","category-actes-ca"],"_links":{"self":[{"href":"https:\/\/edouard-vallaint-vierzon.ovh\/index.php?rest_route=\/wp\/v2\/posts\/11864","targetHints":{"allow":["GET"]}}],"collection":[{"href":"https:\/\/edouard-vallaint-vierzon.ovh\/index.php?rest_route=\/wp\/v2\/posts"}],"about":[{"href":"https:\/\/edouard-vallaint-vierzon.ovh\/index.php?rest_route=\/wp\/v2\/types\/post"}],"author":[{"embeddable":true,"href":"https:\/\/edouard-vallaint-vierzon.ovh\/index.php?rest_route=\/wp\/v2\/users\/27"}],"replies":[{"embeddable":true,"href":"https:\/\/edouard-vallaint-vierzon.ovh\/index.php?rest_route=%2Fwp%2Fv2%2Fcomments&post=11864"}],"version-history":[{"count":1,"href":"https:\/\/edouard-vallaint-vierzon.ovh\/index.php?rest_route=\/wp\/v2\/posts\/11864\/revisions"}],"predecessor-version":[{"id":11866,"href":"https:\/\/edouard-vallaint-vierzon.ovh\/index.php?rest_route=\/wp\/v2\/posts\/11864\/revisions\/11866"}],"wp:attachment":[{"href":"https:\/\/edouard-vallaint-vierzon.ovh\/index.php?rest_route=%2Fwp%2Fv2%2Fmedia&parent=11864"}],"wp:term":[{"taxonomy":"category","embeddable":true,"href":"https:\/\/edouard-vallaint-vierzon.ovh\/index.php?rest_route=%2Fwp%2Fv2%2Fcategories&post=11864"},{"taxonomy":"post_tag","embeddable":true,"href":"https:\/\/edouard-vallaint-vierzon.ovh\/index.php?rest_route=%2Fwp%2Fv2%2Ftags&post=11864"}],"curies":[{"name":"wp","href":"https:\/\/api.w.org\/{rel}","templated":true}]}}