{"id":11176,"date":"2024-12-11T11:53:40","date_gmt":"2024-12-11T10:53:40","guid":{"rendered":"https:\/\/edouard-vallaint-vierzon.ovh\/?p=11176"},"modified":"2024-12-11T12:05:16","modified_gmt":"2024-12-11T11:05:16","slug":"acte-41-2024-2025-delegation-du-ca-au-chef-detablissement-pour-la-passation-des-marches-a-incidence-financiere-annuelle","status":"publish","type":"post","link":"https:\/\/edouard-vallaint-vierzon.ovh\/?p=11176","title":{"rendered":"Acte 41\/2024-2025 D\u00e9l\u00e9gation du CA au chef d&rsquo;\u00e9tablissement pour la passation des march\u00e9s \u00e0 incidence financi\u00e8re annuelle"},"content":{"rendered":"\n<figure class=\"wp-block-image size-large\"><img fetchpriority=\"high\" decoding=\"async\" width=\"723\" height=\"1024\" src=\"https:\/\/edouard-vallaint-vierzon.ovh\/wp-content\/uploads\/2024\/12\/Acte-41-723x1024.jpg\" alt=\"\" class=\"wp-image-11177\" srcset=\"https:\/\/edouard-vallaint-vierzon.ovh\/wp-content\/uploads\/2024\/12\/Acte-41-723x1024.jpg 723w, https:\/\/edouard-vallaint-vierzon.ovh\/wp-content\/uploads\/2024\/12\/Acte-41-212x300.jpg 212w, https:\/\/edouard-vallaint-vierzon.ovh\/wp-content\/uploads\/2024\/12\/Acte-41-768x1088.jpg 768w, https:\/\/edouard-vallaint-vierzon.ovh\/wp-content\/uploads\/2024\/12\/Acte-41-1085x1536.jpg 1085w, https:\/\/edouard-vallaint-vierzon.ovh\/wp-content\/uploads\/2024\/12\/Acte-41-1446x2048.jpg 1446w, https:\/\/edouard-vallaint-vierzon.ovh\/wp-content\/uploads\/2024\/12\/Acte-41.jpg 1646w\" sizes=\"(max-width: 723px) 100vw, 723px\" \/><\/figure>\n","protected":false},"excerpt":{"rendered":"","protected":false},"author":27,"featured_media":0,"comment_status":"closed","ping_status":"open","sticky":false,"template":"","format":"standard","meta":{"colormag_page_container_layout":"default_layout","colormag_page_sidebar_layout":"default_layout","footnotes":""},"categories":[175],"tags":[],"class_list":["post-11176","post","type-post","status-publish","format-standard","hentry","category-actes-ca"],"_links":{"self":[{"href":"https:\/\/edouard-vallaint-vierzon.ovh\/index.php?rest_route=\/wp\/v2\/posts\/11176","targetHints":{"allow":["GET"]}}],"collection":[{"href":"https:\/\/edouard-vallaint-vierzon.ovh\/index.php?rest_route=\/wp\/v2\/posts"}],"about":[{"href":"https:\/\/edouard-vallaint-vierzon.ovh\/index.php?rest_route=\/wp\/v2\/types\/post"}],"author":[{"embeddable":true,"href":"https:\/\/edouard-vallaint-vierzon.ovh\/index.php?rest_route=\/wp\/v2\/users\/27"}],"replies":[{"embeddable":true,"href":"https:\/\/edouard-vallaint-vierzon.ovh\/index.php?rest_route=%2Fwp%2Fv2%2Fcomments&post=11176"}],"version-history":[{"count":1,"href":"https:\/\/edouard-vallaint-vierzon.ovh\/index.php?rest_route=\/wp\/v2\/posts\/11176\/revisions"}],"predecessor-version":[{"id":11178,"href":"https:\/\/edouard-vallaint-vierzon.ovh\/index.php?rest_route=\/wp\/v2\/posts\/11176\/revisions\/11178"}],"wp:attachment":[{"href":"https:\/\/edouard-vallaint-vierzon.ovh\/index.php?rest_route=%2Fwp%2Fv2%2Fmedia&parent=11176"}],"wp:term":[{"taxonomy":"category","embeddable":true,"href":"https:\/\/edouard-vallaint-vierzon.ovh\/index.php?rest_route=%2Fwp%2Fv2%2Fcategories&post=11176"},{"taxonomy":"post_tag","embeddable":true,"href":"https:\/\/edouard-vallaint-vierzon.ovh\/index.php?rest_route=%2Fwp%2Fv2%2Ftags&post=11176"}],"curies":[{"name":"wp","href":"https:\/\/api.w.org\/{rel}","templated":true}]}}